{"id":3036,"date":"2026-09-01T14:12:15","date_gmt":"2026-09-01T14:12:15","guid":{"rendered":"https:\/\/torchsalvation.com\/escuela-de-verano-en-jobo-rosado-mayajigua-y-la-nela-cuba\/"},"modified":"2026-09-01T14:22:22","modified_gmt":"2026-09-01T14:22:22","slug":"summer-school-in-jobo-rosado-mayajigua-and-la-nela-cuba","status":"publish","type":"post","link":"https:\/\/torchsalvation.com\/es\/summer-school-in-jobo-rosado-mayajigua-and-la-nela-cuba\/","title":{"rendered":"Escuela de Verano en Jobo Rosado, Mayajigua y La Nela, Cuba."},"content":{"rendered":"\n<p class=\"wp-block-paragraph\">En un ambiente de alegr\u00eda y responsabilidad evangel\u00edstica, la Iglesia Bautista Verdad y Vida en Jobo Rosado, Cuba, concluy\u00f3 con \u00e9xito su Escuela de Verano, un programa intensivo de un d\u00eda que reuni\u00f3 a 16 ni\u00f1os de la comunidad. Lo que parec\u00eda un d\u00eda sencillo se transform\u00f3 en un poderoso mover de Dios, culminando en siete profesiones de fe que reafirman el poder del evangelio y la urgencia de sembrar la Palabra en cada coraz\u00f3n, sin importar la edad. <\/p>\n\n<p class=\"wp-block-paragraph\">Bajo el lema \u00abVerdad que Transforma\u00bb, los j\u00f3venes participantes no solo disfrutaron de actividades y manualidades, sino que tambi\u00e9n fueron testigos del amor de Cristo a trav\u00e9s de cada lecci\u00f3n b\u00edblica. Los l\u00edderes y maestros, guiados por el Esp\u00edritu Santo, conectaron el mensaje de salvaci\u00f3n con la realidad de los ni\u00f1os, demostrando que la gracia del Se\u00f1or no tiene l\u00edmites ni barreras generacionales. <\/p>\n\n<p class=\"wp-block-paragraph\">\u00abEsto es un recordatorio de que el evangelio es el poder de Dios para todo aquel que cree\u00bb. Ver a 7 de estos 16 ni\u00f1os decidir voluntariamente entregar sus vidas a Jes\u00fas nos llena de gratitud y nos motiva a seguir predicando, porque nadie es demasiado joven para entender el amor de Cristo. <\/p>\n\n<p class=\"wp-block-paragraph\">Al mismo tiempo, las iglesias de Mayajigua y La Nela tambi\u00e9n pudieron compartir el evangelio de Cristo con un total de 20 ni\u00f1os, 13 de los cuales hicieron una profesi\u00f3n de fe.<\/p>\n\n<p class=\"wp-block-paragraph\">La Escuela de Verano no fue solo un \u00e9xito en t\u00e9rminos de n\u00fameros, sino tambi\u00e9n en su fidelidad al mandato de Cristo: \u00abId y haced disc\u00edpulos\u00bb. La Iglesia Bautista Verdad y Vida reafirma as\u00ed su compromiso de llevar la luz del evangelio a todas las edades, sembrando en tierra f\u00e9rtil y confiando en que el Se\u00f1or proveer\u00e1 el crecimiento. Jobo Rosado fue testigo de que, cuando la iglesia se mueve en obediencia, la cosecha est\u00e1 asegurada.  <\/p>\n\n<p class=\"wp-block-paragraph\">Con gratitud, TOSI International \/ Iglesia Bautista \u00abAntorcha de Salvaci\u00f3n\u00bb.<\/p>\n\n<p class=\"wp-block-paragraph\">Si desea ofrecer su apoyo o conocer m\u00e1s, env\u00edenos un mensaje: <a href=\"https:\/\/secure.qgiv.com\/for\/torosal\/\"><strong>https:\/\/secure.qgiv.com\/for\/torosal\/<\/strong><\/a><\/p>\n\n<p class=\"wp-block-paragraph\">Si desea suscribirse a nuestra lista de correo, puede escribirnos a nuestra direcci\u00f3n de correo electr\u00f3nico para registrarse: <a href=\"mailto:torchsalvation@gmail.com\">torchsalvation@gmail.com<\/a>.<\/p>\n\n<p class=\"wp-block-paragraph\">\u00bfLe gustar\u00eda compartir el enlace a nuestra p\u00e1gina? Puede hacerlo aqu\u00ed: <a href=\"https:\/\/torchsalvation.com\/es\/\" target=\"_blank\" rel=\"noopener\"><strong>torchsalvation.com<\/strong><\/a> <\/p>\n","protected":false},"excerpt":{"rendered":"<p>La Iglesia Bautista Verdad y Vida en Jobo Rosado, Cuba, concluy\u00f3 con \u00e9xito su Escuela de Verano, un programa intensivo de un d\u00eda que reuni\u00f3 a 16 ni\u00f1os de la comunidad.<\/p>\n","protected":false},"author":1,"featured_media":3042,"comment_status":"open","ping_status":"open","sticky":false,"template":"","format":"gallery","meta":{"om_disable_all_campaigns":false,"_monsterinsights_skip_tracking":false,"_uf_show_specific_survey":0,"_uf_disable_surveys":false,"jnews-multi-image_gallery":[],"jnews_single_post":{"format":"gallery","jnews_video_option_group":[[]],"override":[{"template":"1","parallax":"1","fullscreen":"1","layout":"double-sidebar","sidebar":"single-left","second_sidebar":"default-sidebar","sticky_sidebar":"1","share_position":"bottom","share_float_style":"share-monocrhome","show_share_counter":"1","show_view_counter":"1","show_featured":"1","show_post_meta":"1","show_post_author":"1","show_post_author_image":"1","show_post_date":"1","post_date_format":"default","post_date_format_custom":"Y\/m\/d","show_post_category":"1","show_post_reading_time":"1","post_reading_time_wpm":"300","post_calculate_word_method":"str_word_count","show_zoom_button":"0","zoom_button_out_step":"2","zoom_button_in_step":"3","show_post_tag":"1","show_popup_post":"1","show_comment_section":"1","number_popup_post":"1","show_post_related":"1"}],"image_override":[{"single_post_thumbnail_size":"crop-500","single_post_gallery_size":"crop-500"}],"trending_post_position":"meta","trending_post_label":"Trending","sponsored_post_label":"Sponsored by","disable_ad":"0","gallery":"3034,3033,3032,3031,3030,3029,3028,3027,3026,3025"},"jnews_primary_category":{"id":"511"},"jnews_override_bookmark_settings":{"override_bookmark_button":"0","override_show_bookmark_button":"0"},"jnews_social_meta":[],"jnews_review":[],"enable_review":"","type":"","name":"","summary":"","brand":"","sku":"","good":[],"bad":[],"score_override":"","override_value":"","rating":[],"price":[],"jnews_override_counter":{"view_counter_number":"0","share_counter_number":"0","like_counter_number":"0","dislike_counter_number":"0"},"jnews_post_split":{"post_split":[{"template":"1","tag":"h2","numbering":"asc","mode":"normal","first":"0","enable_toc":"0","toc_type":"normal"}]},"jnews_podcast_option":[],"jnews_podcast_series":[],"footnotes":""},"categories":[518,549],"tags":[537,523,550,524,528,534],"jnews-series":[],"class_list":["post-3036","post","type-post","status-publish","format-gallery","has-post-thumbnail","hentry","category-evangelismo","category-plantacion-iglesias","tag-children","tag-christ","tag-church-planting","tag-evangelism","tag-faith","tag-gospel","post_format-post-format-gallery"],"aioseo_notices":[],"aioseo_head":"\n\t\t<!-- All in One SEO 5.0.1.1 - aioseo.com -->\n\t<meta name=\"description\" content=\"La Iglesia Bautista Verdad y Vida en Jobo Rosado, Cuba, concluy\u00f3 su Escuela de Verano, un programa que reuni\u00f3 a 16 ni\u00f1os de la comunidad.\" \/>\n\t<meta name=\"robots\" content=\"max-image-preview:large\" \/>\n\t<meta name=\"author\" content=\"torchsalvation@gmail.com\"\/>\n\t<meta name=\"google-site-verification\" content=\"xUqOegSLprMezZ0BZr9XKr5hCdEh2nX5acRYa1i8Zlk\" \/>\n\t<link rel=\"canonical\" href=\"https:\/\/torchsalvation.com\/es\/summer-school-in-jobo-rosado-mayajigua-and-la-nela-cuba\/\" \/>\n\t<meta name=\"generator\" content=\"All in One SEO (AIOSEO) 5.0.1.1\" \/>\n\t\t<meta property=\"og:locale\" content=\"es_ES\" \/>\n\t\t<meta property=\"og:site_name\" content=\"Torch of Salvation International -\" \/>\n\t\t<meta property=\"og:type\" content=\"article\" \/>\n\t\t<meta property=\"og:title\" content=\"Escuela de Verano en Jobo Rosado, Mayajigua y La Nela, Cuba.\" \/>\n\t\t<meta property=\"og:description\" content=\"La Iglesia Bautista Verdad y Vida en Jobo Rosado, Cuba, concluy\u00f3 con \u00e9xito su Escuela de Verano, un programa intensivo de un d\u00eda que reuni\u00f3 a 16 ni\u00f1os de la comunidad.\" \/>\n\t\t<meta property=\"og:url\" content=\"https:\/\/torchsalvation.com\/es\/summer-school-in-jobo-rosado-mayajigua-and-la-nela-cuba\/\" \/>\n\t\t<meta property=\"og:image\" content=\"https:\/\/torchsalvation.com\/wp-content\/uploads\/2026\/09\/WhatsApp-Image-2026-08-24-at-12.03.57-PM-1.jpeg\" \/>\n\t\t<meta property=\"og:image:secure_url\" content=\"https:\/\/torchsalvation.com\/wp-content\/uploads\/2026\/09\/WhatsApp-Image-2026-08-24-at-12.03.57-PM-1.jpeg\" \/>\n\t\t<meta property=\"og:image:width\" content=\"1080\" \/>\n\t\t<meta property=\"og:image:height\" content=\"810\" \/>\n\t\t<meta property=\"article:published_time\" content=\"2026-09-01T14:12:15+00:00\" \/>\n\t\t<meta property=\"article:modified_time\" content=\"2026-09-01T14:22:22+00:00\" \/>\n\t\t<meta property=\"article:publisher\" content=\"https:\/\/www.facebook.com\/TorchSalvationIntl\" \/>\n\t\t<meta name=\"twitter:card\" content=\"summary_large_image\" \/>\n\t\t<meta name=\"twitter:title\" content=\"Escuela de Verano en Jobo Rosado, Mayajigua y La Nela, Cuba.\" \/>\n\t\t<meta name=\"twitter:description\" content=\"La Iglesia Bautista Verdad y Vida en Jobo Rosado, Cuba, concluy\u00f3 con \u00e9xito su Escuela de Verano, un programa intensivo de un d\u00eda que reuni\u00f3 a 16 ni\u00f1os de la comunidad.\" \/>\n\t\t<meta name=\"twitter:image\" content=\"https:\/\/torchsalvation.com\/wp-content\/uploads\/2026\/09\/WhatsApp-Image-2026-08-24-at-12.03.57-PM-1.jpeg\" \/>\n\t\t<script type=\"application\/ld+json\" class=\"aioseo-schema\">\n\t\t\t{\"@context\":\"https:\\\/\\\/schema.org\",\"@graph\":[{\"@type\":\"BlogPosting\",\"@id\":\"https:\\\/\\\/torchsalvation.com\\\/es\\\/summer-school-in-jobo-rosado-mayajigua-and-la-nela-cuba\\\/#blogposting\",\"name\":\"Escuela de Verano en Jobo Rosado, Mayajigua y La Nela, Cuba.\",\"headline\":\"Escuela de Verano en Jobo Rosado, Mayajigua y La Nela, Cuba.\",\"author\":{\"@id\":\"https:\\\/\\\/torchsalvation.com\\\/es\\\/author\\\/torchsalvationgmail-com\\\/#author\"},\"publisher\":{\"@id\":\"https:\\\/\\\/torchsalvation.com\\\/es\\\/#organization\"},\"image\":{\"@type\":\"ImageObject\",\"url\":\"https:\\\/\\\/torchsalvation.com\\\/wp-content\\\/uploads\\\/2026\\\/09\\\/WhatsApp-Image-2026-08-24-at-12.03.57-PM-1.jpeg\",\"width\":1080,\"height\":810},\"datePublished\":\"2026-09-01T14:12:15+00:00\",\"dateModified\":\"2026-09-01T14:22:22+00:00\",\"inLanguage\":\"es-ES\",\"mainEntityOfPage\":{\"@id\":\"https:\\\/\\\/torchsalvation.com\\\/es\\\/summer-school-in-jobo-rosado-mayajigua-and-la-nela-cuba\\\/#webpage\"},\"isPartOf\":{\"@id\":\"https:\\\/\\\/torchsalvation.com\\\/es\\\/summer-school-in-jobo-rosado-mayajigua-and-la-nela-cuba\\\/#webpage\"},\"articleSection\":\"Evangelismo, Plantaci\\u00f3n de Iglesias, children, Christ, church planting, evangelism, faith, gospel, Galer\\u00eda, Requerido\"},{\"@type\":\"BreadcrumbList\",\"@id\":\"https:\\\/\\\/torchsalvation.com\\\/es\\\/summer-school-in-jobo-rosado-mayajigua-and-la-nela-cuba\\\/#breadcrumblist\",\"itemListElement\":[{\"@type\":\"ListItem\",\"@id\":\"https:\\\/\\\/torchsalvation.com\\\/es\\\/#listItem\",\"position\":1,\"name\":\"Home\",\"item\":\"https:\\\/\\\/torchsalvation.com\\\/es\\\/\",\"nextItem\":{\"@type\":\"ListItem\",\"@id\":\"https:\\\/\\\/torchsalvation.com\\\/es\\\/series-category\\\/evangelismo\\\/#listItem\",\"name\":\"Evangelismo\"}},{\"@type\":\"ListItem\",\"@id\":\"https:\\\/\\\/torchsalvation.com\\\/es\\\/series-category\\\/evangelismo\\\/#listItem\",\"position\":2,\"name\":\"Evangelismo\",\"item\":\"https:\\\/\\\/torchsalvation.com\\\/es\\\/series-category\\\/evangelismo\\\/\",\"nextItem\":{\"@type\":\"ListItem\",\"@id\":\"https:\\\/\\\/torchsalvation.com\\\/es\\\/summer-school-in-jobo-rosado-mayajigua-and-la-nela-cuba\\\/#listItem\",\"name\":\"Escuela de Verano en Jobo Rosado, Mayajigua y La Nela, Cuba.\"},\"previousItem\":{\"@type\":\"ListItem\",\"@id\":\"https:\\\/\\\/torchsalvation.com\\\/es\\\/#listItem\",\"name\":\"Home\"}},{\"@type\":\"ListItem\",\"@id\":\"https:\\\/\\\/torchsalvation.com\\\/es\\\/summer-school-in-jobo-rosado-mayajigua-and-la-nela-cuba\\\/#listItem\",\"position\":3,\"name\":\"Escuela de Verano en Jobo Rosado, Mayajigua y La Nela, Cuba.\",\"previousItem\":{\"@type\":\"ListItem\",\"@id\":\"https:\\\/\\\/torchsalvation.com\\\/es\\\/series-category\\\/evangelismo\\\/#listItem\",\"name\":\"Evangelismo\"}}]},{\"@type\":\"Organization\",\"@id\":\"https:\\\/\\\/torchsalvation.com\\\/es\\\/#organization\",\"name\":\"Torch of Salvation International\",\"url\":\"https:\\\/\\\/torchsalvation.com\\\/es\\\/\",\"sameAs\":[\"https:\\\/\\\/www.facebook.com\\\/TorchSalvationIntl\",\"https:\\\/\\\/www.instagram.com\\\/torch_of_salvation_intl\\\/\",\"https:\\\/\\\/www.youtube.com\\\/@TorchofSalvationInternational\"]},{\"@type\":\"Person\",\"@id\":\"https:\\\/\\\/torchsalvation.com\\\/es\\\/author\\\/torchsalvationgmail-com\\\/#author\",\"url\":\"https:\\\/\\\/torchsalvation.com\\\/es\\\/author\\\/torchsalvationgmail-com\\\/\",\"name\":\"torchsalvation@gmail.com\",\"image\":{\"@type\":\"ImageObject\",\"@id\":\"https:\\\/\\\/torchsalvation.com\\\/es\\\/summer-school-in-jobo-rosado-mayajigua-and-la-nela-cuba\\\/#authorImage\",\"url\":\"https:\\\/\\\/torchsalvation.com\\\/wp-content\\\/litespeed\\\/avatar\\\/61edbee92036a6a77b6c25831a6fc4ec.jpg?ver=1788160500\",\"width\":96,\"height\":96,\"caption\":\"torchsalvation@gmail.com\"}},{\"@type\":\"WebPage\",\"@id\":\"https:\\\/\\\/torchsalvation.com\\\/es\\\/summer-school-in-jobo-rosado-mayajigua-and-la-nela-cuba\\\/#webpage\",\"url\":\"https:\\\/\\\/torchsalvation.com\\\/es\\\/summer-school-in-jobo-rosado-mayajigua-and-la-nela-cuba\\\/\",\"name\":\"Escuela de Verano en Jobo Rosado, Mayajigua y La Nela, Cuba.\",\"description\":\"La Iglesia Bautista Verdad y Vida en Jobo Rosado, Cuba, concluy\\u00f3 su Escuela de Verano, un programa que reuni\\u00f3 a 16 ni\\u00f1os de la comunidad.\",\"inLanguage\":\"es-ES\",\"isPartOf\":{\"@id\":\"https:\\\/\\\/torchsalvation.com\\\/es\\\/#website\"},\"breadcrumb\":{\"@id\":\"https:\\\/\\\/torchsalvation.com\\\/es\\\/summer-school-in-jobo-rosado-mayajigua-and-la-nela-cuba\\\/#breadcrumblist\"},\"author\":{\"@id\":\"https:\\\/\\\/torchsalvation.com\\\/es\\\/author\\\/torchsalvationgmail-com\\\/#author\"},\"creator\":{\"@id\":\"https:\\\/\\\/torchsalvation.com\\\/es\\\/author\\\/torchsalvationgmail-com\\\/#author\"},\"image\":{\"@type\":\"ImageObject\",\"url\":\"https:\\\/\\\/torchsalvation.com\\\/wp-content\\\/uploads\\\/2026\\\/09\\\/WhatsApp-Image-2026-08-24-at-12.03.57-PM-1.jpeg\",\"@id\":\"https:\\\/\\\/torchsalvation.com\\\/es\\\/summer-school-in-jobo-rosado-mayajigua-and-la-nela-cuba\\\/#mainImage\",\"width\":1080,\"height\":810},\"primaryImageOfPage\":{\"@id\":\"https:\\\/\\\/torchsalvation.com\\\/es\\\/summer-school-in-jobo-rosado-mayajigua-and-la-nela-cuba\\\/#mainImage\"},\"datePublished\":\"2026-09-01T14:12:15+00:00\",\"dateModified\":\"2026-09-01T14:22:22+00:00\"},{\"@type\":\"WebSite\",\"@id\":\"https:\\\/\\\/torchsalvation.com\\\/es\\\/#website\",\"url\":\"https:\\\/\\\/torchsalvation.com\\\/es\\\/\",\"name\":\"Torch of Salvation International\",\"inLanguage\":\"es-ES\",\"publisher\":{\"@id\":\"https:\\\/\\\/torchsalvation.com\\\/es\\\/#organization\"}}]}\n\t\t<\/script>\n\t\t<!-- All in One SEO -->\n\n","aioseo_head_json":{"title":"Escuela de Verano en Jobo Rosado, Mayajigua y La Nela, Cuba.","description":"La Iglesia Bautista Verdad y Vida en Jobo Rosado, Cuba, concluy\u00f3 su Escuela de Verano, un programa que reuni\u00f3 a 16 ni\u00f1os de la comunidad.","canonical_url":"https:\/\/torchsalvation.com\/es\/summer-school-in-jobo-rosado-mayajigua-and-la-nela-cuba\/","robots":"max-image-preview:large","keywords":"","webmasterTools":{"google-site-verification":"xUqOegSLprMezZ0BZr9XKr5hCdEh2nX5acRYa1i8Zlk","miscellaneous":""},"schema":{"@context":"https:\/\/schema.org","@graph":[{"@type":"BlogPosting","@id":"https:\/\/torchsalvation.com\/es\/summer-school-in-jobo-rosado-mayajigua-and-la-nela-cuba\/#blogposting","name":"Escuela de Verano en Jobo Rosado, Mayajigua y La Nela, Cuba.","headline":"Escuela de Verano en Jobo Rosado, Mayajigua y La Nela, Cuba.","author":{"@id":"https:\/\/torchsalvation.com\/es\/author\/torchsalvationgmail-com\/#author"},"publisher":{"@id":"https:\/\/torchsalvation.com\/es\/#organization"},"image":{"@type":"ImageObject","url":"https:\/\/torchsalvation.com\/wp-content\/uploads\/2026\/09\/WhatsApp-Image-2026-08-24-at-12.03.57-PM-1.jpeg","width":1080,"height":810},"datePublished":"2026-09-01T14:12:15+00:00","dateModified":"2026-09-01T14:22:22+00:00","inLanguage":"es-ES","mainEntityOfPage":{"@id":"https:\/\/torchsalvation.com\/es\/summer-school-in-jobo-rosado-mayajigua-and-la-nela-cuba\/#webpage"},"isPartOf":{"@id":"https:\/\/torchsalvation.com\/es\/summer-school-in-jobo-rosado-mayajigua-and-la-nela-cuba\/#webpage"},"articleSection":"Evangelismo, Plantaci\u00f3n de Iglesias, children, Christ, church planting, evangelism, faith, gospel, Galer\u00eda, Requerido"},{"@type":"BreadcrumbList","@id":"https:\/\/torchsalvation.com\/es\/summer-school-in-jobo-rosado-mayajigua-and-la-nela-cuba\/#breadcrumblist","itemListElement":[{"@type":"ListItem","@id":"https:\/\/torchsalvation.com\/es\/#listItem","position":1,"name":"Home","item":"https:\/\/torchsalvation.com\/es\/","nextItem":{"@type":"ListItem","@id":"https:\/\/torchsalvation.com\/es\/series-category\/evangelismo\/#listItem","name":"Evangelismo"}},{"@type":"ListItem","@id":"https:\/\/torchsalvation.com\/es\/series-category\/evangelismo\/#listItem","position":2,"name":"Evangelismo","item":"https:\/\/torchsalvation.com\/es\/series-category\/evangelismo\/","nextItem":{"@type":"ListItem","@id":"https:\/\/torchsalvation.com\/es\/summer-school-in-jobo-rosado-mayajigua-and-la-nela-cuba\/#listItem","name":"Escuela de Verano en Jobo Rosado, Mayajigua y La Nela, Cuba."},"previousItem":{"@type":"ListItem","@id":"https:\/\/torchsalvation.com\/es\/#listItem","name":"Home"}},{"@type":"ListItem","@id":"https:\/\/torchsalvation.com\/es\/summer-school-in-jobo-rosado-mayajigua-and-la-nela-cuba\/#listItem","position":3,"name":"Escuela de Verano en Jobo Rosado, Mayajigua y La Nela, Cuba.","previousItem":{"@type":"ListItem","@id":"https:\/\/torchsalvation.com\/es\/series-category\/evangelismo\/#listItem","name":"Evangelismo"}}]},{"@type":"Organization","@id":"https:\/\/torchsalvation.com\/es\/#organization","name":"Torch of Salvation International","url":"https:\/\/torchsalvation.com\/es\/","sameAs":["https:\/\/www.facebook.com\/TorchSalvationIntl","https:\/\/www.instagram.com\/torch_of_salvation_intl\/","https:\/\/www.youtube.com\/@TorchofSalvationInternational"]},{"@type":"Person","@id":"https:\/\/torchsalvation.com\/es\/author\/torchsalvationgmail-com\/#author","url":"https:\/\/torchsalvation.com\/es\/author\/torchsalvationgmail-com\/","name":"torchsalvation@gmail.com","image":{"@type":"ImageObject","@id":"https:\/\/torchsalvation.com\/es\/summer-school-in-jobo-rosado-mayajigua-and-la-nela-cuba\/#authorImage","url":"https:\/\/torchsalvation.com\/wp-content\/litespeed\/avatar\/61edbee92036a6a77b6c25831a6fc4ec.jpg?ver=1788160500","width":96,"height":96,"caption":"torchsalvation@gmail.com"}},{"@type":"WebPage","@id":"https:\/\/torchsalvation.com\/es\/summer-school-in-jobo-rosado-mayajigua-and-la-nela-cuba\/#webpage","url":"https:\/\/torchsalvation.com\/es\/summer-school-in-jobo-rosado-mayajigua-and-la-nela-cuba\/","name":"Escuela de Verano en Jobo Rosado, Mayajigua y La Nela, Cuba.","description":"La Iglesia Bautista Verdad y Vida en Jobo Rosado, Cuba, concluy\u00f3 su Escuela de Verano, un programa que reuni\u00f3 a 16 ni\u00f1os de la comunidad.","inLanguage":"es-ES","isPartOf":{"@id":"https:\/\/torchsalvation.com\/es\/#website"},"breadcrumb":{"@id":"https:\/\/torchsalvation.com\/es\/summer-school-in-jobo-rosado-mayajigua-and-la-nela-cuba\/#breadcrumblist"},"author":{"@id":"https:\/\/torchsalvation.com\/es\/author\/torchsalvationgmail-com\/#author"},"creator":{"@id":"https:\/\/torchsalvation.com\/es\/author\/torchsalvationgmail-com\/#author"},"image":{"@type":"ImageObject","url":"https:\/\/torchsalvation.com\/wp-content\/uploads\/2026\/09\/WhatsApp-Image-2026-08-24-at-12.03.57-PM-1.jpeg","@id":"https:\/\/torchsalvation.com\/es\/summer-school-in-jobo-rosado-mayajigua-and-la-nela-cuba\/#mainImage","width":1080,"height":810},"primaryImageOfPage":{"@id":"https:\/\/torchsalvation.com\/es\/summer-school-in-jobo-rosado-mayajigua-and-la-nela-cuba\/#mainImage"},"datePublished":"2026-09-01T14:12:15+00:00","dateModified":"2026-09-01T14:22:22+00:00"},{"@type":"WebSite","@id":"https:\/\/torchsalvation.com\/es\/#website","url":"https:\/\/torchsalvation.com\/es\/","name":"Torch of Salvation International","inLanguage":"es-ES","publisher":{"@id":"https:\/\/torchsalvation.com\/es\/#organization"}}]},"og:locale":"es_ES","og:site_name":"Torch of Salvation International -","og:type":"article","og:title":"Escuela de Verano en Jobo Rosado, Mayajigua y La Nela, Cuba.","og:description":"La Iglesia Bautista Verdad y Vida en Jobo Rosado, Cuba, concluy\u00f3 con \u00e9xito su Escuela de Verano, un programa intensivo de un d\u00eda que reuni\u00f3 a 16 ni\u00f1os de la comunidad.","og:url":"https:\/\/torchsalvation.com\/es\/summer-school-in-jobo-rosado-mayajigua-and-la-nela-cuba\/","og:image":"https:\/\/torchsalvation.com\/wp-content\/uploads\/2026\/09\/WhatsApp-Image-2026-08-24-at-12.03.57-PM-1.jpeg","og:image:secure_url":"https:\/\/torchsalvation.com\/wp-content\/uploads\/2026\/09\/WhatsApp-Image-2026-08-24-at-12.03.57-PM-1.jpeg","og:image:width":"1080","og:image:height":"810","article:published_time":"2026-09-01T14:12:15+00:00","article:modified_time":"2026-09-01T14:22:22+00:00","article:publisher":"https:\/\/www.facebook.com\/TorchSalvationIntl","twitter:card":"summary_large_image","twitter:title":"Escuela de Verano en Jobo Rosado, Mayajigua y La Nela, Cuba.","twitter:description":"La Iglesia Bautista Verdad y Vida en Jobo Rosado, Cuba, concluy\u00f3 con \u00e9xito su Escuela de Verano, un programa intensivo de un d\u00eda que reuni\u00f3 a 16 ni\u00f1os de la comunidad.","twitter:image":"https:\/\/torchsalvation.com\/wp-content\/uploads\/2026\/09\/WhatsApp-Image-2026-08-24-at-12.03.57-PM-1.jpeg"},"aioseo_meta_data":{"post_id":"3036","title":"#post_title","description":"La Iglesia Bautista Verdad y Vida en Jobo Rosado, Cuba, concluy\u00f3 su Escuela de Verano, un programa que reuni\u00f3 a 16 ni\u00f1os de la comunidad.","keywords":null,"keyphrases":{"focus":{"keyphrase":"school","score":0,"analysis":[]},"additional":[]},"primary_term":null,"canonical_url":null,"og_title":"#post_title","og_description":"#post_excerpt","og_object_type":"default","og_image_type":"featured","og_image_url":"https:\/\/torchsalvation.com\/wp-content\/uploads\/2026\/09\/WhatsApp-Image-2026-08-24-at-12.03.57-PM-1.jpeg","og_image_width":"1080","og_image_height":"810","og_image_custom_url":null,"og_image_custom_fields":null,"og_video":"","og_custom_url":null,"og_article_section":null,"og_article_tags":null,"twitter_use_og":false,"twitter_card":"default","twitter_image_type":"default","twitter_image_url":null,"twitter_image_custom_url":null,"twitter_image_custom_fields":null,"twitter_title":null,"twitter_description":null,"schema":{"blockGraphs":[],"customGraphs":[],"default":{"data":{"Article":[],"Course":[],"Dataset":[],"FAQPage":[],"Movie":[],"Person":[],"Product":[],"ProductReview":[],"Car":[],"Recipe":[],"Service":[],"SoftwareApplication":[],"WebPage":[]},"graphName":"BlogPosting","isEnabled":true},"graphs":[]},"schema_type":"default","schema_type_options":null,"pillar_content":false,"robots_default":true,"robots_noindex":false,"robots_noarchive":false,"robots_nosnippet":false,"robots_nofollow":false,"robots_noimageindex":false,"robots_noodp":false,"robots_notranslate":false,"robots_max_snippet":"-1","robots_max_videopreview":"-1","robots_max_imagepreview":"large","priority":null,"frequency":"default","local_seo":null,"breadcrumb_settings":null,"limit_modified_date":false,"ai":{"faqs":[],"keyPoints":[],"schemas":[],"titles":[],"descriptions":[],"socialPosts":{"email":{"subject":"","preview":"","content":""},"linkedin":[],"twitter":[],"facebook":[],"instagram":[]}},"created":"2026-09-01 14:13:00","updated":"2026-09-01 16:27:48","seo_analyzer_scan_date":null,"focus_keyword":"school","additional_keywords":null,"truseo_locale":null},"aioseo_breadcrumb":"<div class=\"aioseo-breadcrumbs\"><span class=\"aioseo-breadcrumb\">\n\t\t\t<a href=\"https:\/\/torchsalvation.com\/es\/\" title=\"Home\">Home<\/a>\n\t\t<\/span><span class=\"aioseo-breadcrumb-separator\">&raquo;<\/span><span class=\"aioseo-breadcrumb\">\n\t\t\t<a href=\"https:\/\/torchsalvation.com\/es\/series-category\/evangelismo\/\" title=\"Evangelismo\">Evangelismo<\/a>\n\t\t<\/span><span class=\"aioseo-breadcrumb-separator\">&raquo;<\/span><span class=\"aioseo-breadcrumb\">\n\t\t\tEscuela de Verano en Jobo Rosado, Mayajigua y La Nela, Cuba.\n\t\t<\/span><\/div>","aioseo_breadcrumb_json":[{"label":"Home","link":"https:\/\/torchsalvation.com\/es\/"},{"label":"Evangelismo","link":"https:\/\/torchsalvation.com\/es\/series-category\/evangelismo\/"},{"label":"Escuela de Verano en Jobo Rosado, Mayajigua y La Nela, Cuba.","link":"https:\/\/torchsalvation.com\/es\/summer-school-in-jobo-rosado-mayajigua-and-la-nela-cuba\/"}],"_links":{"self":[{"href":"https:\/\/torchsalvation.com\/es\/wp-json\/wp\/v2\/posts\/3036","targetHints":{"allow":["GET"]}}],"collection":[{"href":"https:\/\/torchsalvation.com\/es\/wp-json\/wp\/v2\/posts"}],"about":[{"href":"https:\/\/torchsalvation.com\/es\/wp-json\/wp\/v2\/types\/post"}],"author":[{"embeddable":true,"href":"https:\/\/torchsalvation.com\/es\/wp-json\/wp\/v2\/users\/1"}],"replies":[{"embeddable":true,"href":"https:\/\/torchsalvation.com\/es\/wp-json\/wp\/v2\/comments?post=3036"}],"version-history":[{"count":4,"href":"https:\/\/torchsalvation.com\/es\/wp-json\/wp\/v2\/posts\/3036\/revisions"}],"predecessor-version":[{"id":3050,"href":"https:\/\/torchsalvation.com\/es\/wp-json\/wp\/v2\/posts\/3036\/revisions\/3050"}],"wp:featuredmedia":[{"embeddable":true,"href":"https:\/\/torchsalvation.com\/es\/wp-json\/wp\/v2\/media\/3042"}],"wp:attachment":[{"href":"https:\/\/torchsalvation.com\/es\/wp-json\/wp\/v2\/media?parent=3036"}],"wp:term":[{"taxonomy":"category","embeddable":true,"href":"https:\/\/torchsalvation.com\/es\/wp-json\/wp\/v2\/categories?post=3036"},{"taxonomy":"post_tag","embeddable":true,"href":"https:\/\/torchsalvation.com\/es\/wp-json\/wp\/v2\/tags?post=3036"},{"taxonomy":"jnews-series","embeddable":true,"href":"https:\/\/torchsalvation.com\/es\/wp-json\/wp\/v2\/jnews-series?post=3036"}],"curies":[{"name":"wp","href":"https:\/\/api.w.org\/{rel}","templated":true}]}}